{"id":823,"date":"2023-05-09T13:23:22","date_gmt":"2023-05-09T13:23:22","guid":{"rendered":"https:\/\/www.smartblueproject.com\/?p=823"},"modified":"2024-02-29T15:03:39","modified_gmt":"2024-02-29T15:03:39","slug":"823","status":"publish","type":"post","link":"https:\/\/www.smartblueproject.com\/?p=823","title":{"rendered":"Empresas canarias se posicionan en la vanguardia de la e\u00f3lica marina tras su participaci\u00f3n en WindEurope 2023"},"content":{"rendered":"\n[et_pb_section fb_built=\u00bb1&#8243; admin_label=\u00bbsection\u00bb _builder_version=\u00bb4.16&#8243; min_height=\u00bb1048px\u00bb global_colors_info=\u00bb{}\u00bb theme_builder_area=\u00bbpost_content\u00bb custom_margin=\u00bb||-143px|||\u00bb][et_pb_row admin_label=\u00bbrow\u00bb _builder_version=\u00bb4.16&#8243; background_size=\u00bbinitial\u00bb background_position=\u00bbtop_left\u00bb background_repeat=\u00bbrepeat\u00bb min_height=\u00bb714.7px\u00bb custom_margin=\u00bb|auto|-45px|auto||\u00bb global_colors_info=\u00bb{}\u00bb theme_builder_area=\u00bbpost_content\u00bb][et_pb_column type=\u00bb4_4&#8243; _builder_version=\u00bb4.16&#8243; custom_padding=\u00bb|||\u00bb global_colors_info=\u00bb{}\u00bb custom_padding__hover=\u00bb|||\u00bb theme_builder_area=\u00bbpost_content\u00bb][et_pb_image src=\u00bbhttps:\/\/www.smartblueproject.com\/wp-content\/uploads\/2024\/02\/Imagen8.jpg\u00bb title_text=\u00bbImagen8&#8243; _builder_version=\u00bb4.17.3&#8243; _module_preset=\u00bbdefault\u00bb custom_margin=\u00bb|223px||||\u00bb hover_enabled=\u00bb0&#8243; global_colors_info=\u00bb{}\u00bb theme_builder_area=\u00bbpost_content\u00bb sticky_enabled=\u00bb0&#8243;][\/et_pb_image][et_pb_text admin_label=\u00bbText\u00bb _builder_version=\u00bb4.16&#8243; background_size=\u00bbinitial\u00bb background_position=\u00bbtop_left\u00bb background_repeat=\u00bbrepeat\u00bb custom_padding=\u00bb||3px|||\u00bb global_colors_info=\u00bb{}\u00bb theme_builder_area=\u00bbpost_content\u00bb]<!-- divi:paragraph -->\n<p>Durante la WindEurope 2023 en Copenhague, la delegaci\u00f3n canaria, respaldada por PROEXCA, estuvo integrada por Autoridades Portuarias, Zona Franca de Gran Canaria, Zona Especial Canaria (ZEC), el Cl\u00faster Mar\u00edtimo de Canarias (CMC), y la Federaci\u00f3n Canaria de Empresas Portuarias (FEDEPORT), junto con sus asociados.<\/p>\n<p>La participaci\u00f3n en este evento se considera positiva, contribuyendo al trabajo realizado por el Cl\u00faster en los \u00faltimos a\u00f1os para fortalecer la posici\u00f3n de las empresas canarias en el sector e\u00f3lico marino. La gerente del CMC-FEDEPORT, Elba Bueno, destac\u00f3 el inter\u00e9s internacional en el tejido empresarial canario y anunci\u00f3 que el Estado planea llevar a cabo el concurso espec\u00edfico para las islas de manera independiente y anticipada al nacional.<\/p>\n<p>El stand canario, bajo la marca &#8216;Canarian Trade Winds&#8217; (CTW), represent\u00f3 al sector e\u00f3lico offshore de las islas y permiti\u00f3 un contacto directo con agentes internacionales. La participaci\u00f3n en la WindEurope es parte de las actividades de internacionalizaci\u00f3n del proyecto Consolidaci\u00f3n de la Alianza del Atl\u00e1ntico Central para la competitividad Pyme de la econom\u00eda azul, SMARTBLUE_F, financiado por la segunda convocatoria del Programa de Cooperaci\u00f3n Territorial INTERREG V-A MAC (Madeira- Azores-Canarias) 2014-2020, cofinanciado al 85% por el Fondo FEDER<\/p>\n<p>&nbsp;<\/p>\n<p>&nbsp;<\/p>\n<p>&nbsp;<\/p>\n<!-- \/divi:paragraph -->[\/et_pb_text][\/et_pb_column][\/et_pb_row][\/et_pb_section]\n","protected":false},"excerpt":{"rendered":"<p>Durante la WindEurope 2023 en Copenhague, la delegaci\u00f3n canaria, respaldada por PROEXCA, estuvo integrada por Autoridades Portuarias, Zona Franca de Gran Canaria, Zona Especial Canaria (ZEC), el Cl\u00faster Mar\u00edtimo de Canarias (CMC), y la Federaci\u00f3n Canaria de Empresas Portuarias (FEDEPORT), junto con sus asociados. La participaci\u00f3n en este evento se considera positiva, contribuyendo al trabajo [&hellip;]<\/p>\n","protected":false},"author":1,"featured_media":782,"comment_status":"closed","ping_status":"closed","sticky":false,"template":"","format":"standard","meta":{"_et_pb_use_builder":"on","_et_pb_old_content":"","_et_gb_content_width":"1080"},"categories":[4],"tags":[],"_links":{"self":[{"href":"https:\/\/www.smartblueproject.com\/index.php?rest_route=\/wp\/v2\/posts\/823"}],"collection":[{"href":"https:\/\/www.smartblueproject.com\/index.php?rest_route=\/wp\/v2\/posts"}],"about":[{"href":"https:\/\/www.smartblueproject.com\/index.php?rest_route=\/wp\/v2\/types\/post"}],"author":[{"embeddable":true,"href":"https:\/\/www.smartblueproject.com\/index.php?rest_route=\/wp\/v2\/users\/1"}],"replies":[{"embeddable":true,"href":"https:\/\/www.smartblueproject.com\/index.php?rest_route=%2Fwp%2Fv2%2Fcomments&post=823"}],"version-history":[{"count":4,"href":"https:\/\/www.smartblueproject.com\/index.php?rest_route=\/wp\/v2\/posts\/823\/revisions"}],"predecessor-version":[{"id":885,"href":"https:\/\/www.smartblueproject.com\/index.php?rest_route=\/wp\/v2\/posts\/823\/revisions\/885"}],"wp:featuredmedia":[{"embeddable":true,"href":"https:\/\/www.smartblueproject.com\/index.php?rest_route=\/wp\/v2\/media\/782"}],"wp:attachment":[{"href":"https:\/\/www.smartblueproject.com\/index.php?rest_route=%2Fwp%2Fv2%2Fmedia&parent=823"}],"wp:term":[{"taxonomy":"category","embeddable":true,"href":"https:\/\/www.smartblueproject.com\/index.php?rest_route=%2Fwp%2Fv2%2Fcategories&post=823"},{"taxonomy":"post_tag","embeddable":true,"href":"https:\/\/www.smartblueproject.com\/index.php?rest_route=%2Fwp%2Fv2%2Ftags&post=823"}],"curies":[{"name":"wp","href":"https:\/\/api.w.org\/{rel}","templated":true}]}}