{"id":856,"date":"2023-11-16T13:41:34","date_gmt":"2023-11-16T13:41:34","guid":{"rendered":"https:\/\/www.smartblueproject.com\/?p=856"},"modified":"2024-02-29T13:59:04","modified_gmt":"2024-02-29T13:59:04","slug":"856","status":"publish","type":"post","link":"https:\/\/www.smartblueproject.com\/?p=856","title":{"rendered":"SMARTBLUE_F presente en EUROPORT 23"},"content":{"rendered":"\n[et_pb_section fb_built=\u00bb1&#8243; admin_label=\u00bbsection\u00bb _builder_version=\u00bb4.16&#8243; min_height=\u00bb1048px\u00bb global_colors_info=\u00bb{}\u00bb theme_builder_area=\u00bbpost_content\u00bb][et_pb_row admin_label=\u00bbrow\u00bb _builder_version=\u00bb4.16&#8243; background_size=\u00bbinitial\u00bb background_position=\u00bbtop_left\u00bb background_repeat=\u00bbrepeat\u00bb min_height=\u00bb714.7px\u00bb custom_margin=\u00bb|auto|-45px|auto||\u00bb global_colors_info=\u00bb{}\u00bb theme_builder_area=\u00bbpost_content\u00bb][et_pb_column type=\u00bb4_4&#8243; _builder_version=\u00bb4.16&#8243; custom_padding=\u00bb|||\u00bb global_colors_info=\u00bb{}\u00bb custom_padding__hover=\u00bb|||\u00bb theme_builder_area=\u00bbpost_content\u00bb][et_pb_image src=\u00bbhttps:\/\/www.smartblueproject.com\/wp-content\/uploads\/2024\/02\/Imagen14.jpg\u00bb title_text=\u00bbImagen14&#8243; _builder_version=\u00bb4.17.3&#8243; _module_preset=\u00bbdefault\u00bb custom_margin=\u00bb|223px||||\u00bb hover_enabled=\u00bb0&#8243; global_colors_info=\u00bb{}\u00bb theme_builder_area=\u00bbpost_content\u00bb sticky_enabled=\u00bb0&#8243;][\/et_pb_image][et_pb_text admin_label=\u00bbText\u00bb _builder_version=\u00bb4.16&#8243; background_size=\u00bbinitial\u00bb background_position=\u00bbtop_left\u00bb background_repeat=\u00bbrepeat\u00bb custom_padding=\u00bb||3px|||\u00bb global_colors_info=\u00bb{}\u00bb theme_builder_area=\u00bbpost_content\u00bb]<!-- divi:paragraph -->\n<p>Durante los d\u00edas 7 al 10 de noviembre 2023, el Cl\u00faster Mar\u00edtimo de Canarias, representado por su t\u00e9cnico\u00a0<strong>Carmen Mu\u00f1oz<\/strong>, ha estado presente en EUROPORT 2023 con un stand, gracias al respaldo de la\u00a0Sociedad de Promoci\u00f3n Econ\u00f3mica de Gran Canaria (SPEGC), bajo la iniciativa \u2018Best in Gran Canaria\u2019, y dentro de las actividades de internacionalizaci\u00f3n del proyecto SMARTBLUE_F.<\/p>\n<p>Han sido cuatro d\u00edas llenos de conferencias, networking y ceremonias de premios en los que tambi\u00e9n se present\u00f3 una serie de productos nuevos e innovadores en los mercados mar\u00edtimo y offshore. Este a\u00f1o, 24.470 visitantes y 1.051 expositores de 107 pa\u00edses se reunieron en Rotterdam, la capital mar\u00edtima de Europa, para la 41\u00aa edici\u00f3n de Europort.<\/p>\n<p>Ha sido una edici\u00f3n marcada por la inteligencia artificial en la industria mar\u00edtima, donde desde su inauguraci\u00f3n ya tom\u00f3 importancia en el discurso de apertura. Adem\u00e1s, se han presentado productos innovadores como el motor multicombustible de seis cilindros Evolve 6EL23, de Anglo Belgian Corporation (ABC); la soluci\u00f3n \u2018Mmethyl Superstorage\u2019 de SRC Group, que supera los problemas de almacenamiento t\u00edpicamente asociados con el uso de metanol como combustible marino; etc.<\/p>\n<p>El CMC acudi\u00f3 junto con una expedici\u00f3n canaria compuesta por<strong>\u00a0ZAMAKONA, Wedge Global, TURNAVAL, Contratas Metal\u00fargicas y REPNAVAL<\/strong>. Donde se tuvo la oportunidad de conectar con las partes interesadas en el sector mar\u00edtimo y tratar temas clave como la transici\u00f3n energ\u00e9tica y la digitalizaci\u00f3n, as\u00ed como el capital humano y las finanzas necesarias para apoyarlos.<\/p>\n<p>&nbsp;<\/p>\n<p>El proyecto Consolidaci\u00f3n de la Alianza del Atl\u00e1ntico Central para la competitividad Pyme de la econom\u00eda azul, SMARTBLUE_F est\u00e1 financiado por la segunda convocatoria del Programa de Cooperaci\u00f3n Territorial INTERREG V-A MAC (Madeira- Azores-Canarias) 2014-2020, cofinanciado al 85% por el Fondo FEDER.<\/p>\n<p>&nbsp;<\/p>\n<p>&nbsp;<\/p>\n<p>&nbsp;<\/p>\n<p>&nbsp;<\/p>\n<p>&nbsp;<\/p>\n<!-- \/divi:paragraph -->[\/et_pb_text][\/et_pb_column][\/et_pb_row][\/et_pb_section]\n","protected":false},"excerpt":{"rendered":"<p>Durante los d\u00edas 7 al 10 de noviembre 2023, el Cl\u00faster Mar\u00edtimo de Canarias, representado por su t\u00e9cnico\u00a0Carmen Mu\u00f1oz, ha estado presente en EUROPORT 2023 con un stand, gracias al respaldo de la\u00a0Sociedad de Promoci\u00f3n Econ\u00f3mica de Gran Canaria (SPEGC), bajo la iniciativa \u2018Best in Gran Canaria\u2019, y dentro de las actividades de internacionalizaci\u00f3n del [&hellip;]<\/p>\n","protected":false},"author":1,"featured_media":788,"comment_status":"closed","ping_status":"closed","sticky":false,"template":"","format":"standard","meta":{"_et_pb_use_builder":"on","_et_pb_old_content":"","_et_gb_content_width":"1080"},"categories":[4],"tags":[],"_links":{"self":[{"href":"https:\/\/www.smartblueproject.com\/index.php?rest_route=\/wp\/v2\/posts\/856"}],"collection":[{"href":"https:\/\/www.smartblueproject.com\/index.php?rest_route=\/wp\/v2\/posts"}],"about":[{"href":"https:\/\/www.smartblueproject.com\/index.php?rest_route=\/wp\/v2\/types\/post"}],"author":[{"embeddable":true,"href":"https:\/\/www.smartblueproject.com\/index.php?rest_route=\/wp\/v2\/users\/1"}],"replies":[{"embeddable":true,"href":"https:\/\/www.smartblueproject.com\/index.php?rest_route=%2Fwp%2Fv2%2Fcomments&post=856"}],"version-history":[{"count":4,"href":"https:\/\/www.smartblueproject.com\/index.php?rest_route=\/wp\/v2\/posts\/856\/revisions"}],"predecessor-version":[{"id":878,"href":"https:\/\/www.smartblueproject.com\/index.php?rest_route=\/wp\/v2\/posts\/856\/revisions\/878"}],"wp:featuredmedia":[{"embeddable":true,"href":"https:\/\/www.smartblueproject.com\/index.php?rest_route=\/wp\/v2\/media\/788"}],"wp:attachment":[{"href":"https:\/\/www.smartblueproject.com\/index.php?rest_route=%2Fwp%2Fv2%2Fmedia&parent=856"}],"wp:term":[{"taxonomy":"category","embeddable":true,"href":"https:\/\/www.smartblueproject.com\/index.php?rest_route=%2Fwp%2Fv2%2Fcategories&post=856"},{"taxonomy":"post_tag","embeddable":true,"href":"https:\/\/www.smartblueproject.com\/index.php?rest_route=%2Fwp%2Fv2%2Ftags&post=856"}],"curies":[{"name":"wp","href":"https:\/\/api.w.org\/{rel}","templated":true}]}}